{"id":929,"date":"2022-09-20T17:15:00","date_gmt":"2022-09-20T17:15:00","guid":{"rendered":"https:\/\/blog.obrashow.com.br\/?p=929"},"modified":"2022-09-21T20:11:18","modified_gmt":"2022-09-21T20:11:18","slug":"como-montar-o-seu-kit-de-ferramentas","status":"publish","type":"post","link":"https:\/\/blog.obrashow.com.br\/index.php\/2022\/09\/20\/como-montar-o-seu-kit-de-ferramentas\/","title":{"rendered":"Veja como montar o seu kit b\u00e1sico de ferramentas"},"content":{"rendered":"\n<figure class=\"wp-block-image size-large\"><img loading=\"lazy\" decoding=\"async\" width=\"1024\" height=\"682\" src=\"https:\/\/blog.obrashow.com.br\/wp-content\/uploads\/2021\/10\/saiba-quais-sao-as-ferramentas-para-casa-que-voce-deve-ter-obrashow-1024x682.jpg\" alt=\"monte seu kit de ferramentas para sua casa\" class=\"wp-image-1260\" srcset=\"https:\/\/blog.obrashow.com.br\/wp-content\/uploads\/2021\/10\/saiba-quais-sao-as-ferramentas-para-casa-que-voce-deve-ter-obrashow-1024x682.jpg 1024w, https:\/\/blog.obrashow.com.br\/wp-content\/uploads\/2021\/10\/saiba-quais-sao-as-ferramentas-para-casa-que-voce-deve-ter-obrashow-300x200.jpg 300w, https:\/\/blog.obrashow.com.br\/wp-content\/uploads\/2021\/10\/saiba-quais-sao-as-ferramentas-para-casa-que-voce-deve-ter-obrashow-768x512.jpg 768w, https:\/\/blog.obrashow.com.br\/wp-content\/uploads\/2021\/10\/saiba-quais-sao-as-ferramentas-para-casa-que-voce-deve-ter-obrashow-1536x1024.jpg 1536w, https:\/\/blog.obrashow.com.br\/wp-content\/uploads\/2021\/10\/saiba-quais-sao-as-ferramentas-para-casa-que-voce-deve-ter-obrashow-720x480.jpg 720w, https:\/\/blog.obrashow.com.br\/wp-content\/uploads\/2021\/10\/saiba-quais-sao-as-ferramentas-para-casa-que-voce-deve-ter-obrashow.jpg 2000w\" sizes=\"auto, (max-width: 1024px) 100vw, 1024px\" \/><\/figure>\n\n\n\n<h3 class=\"wp-block-heading\">Conhe\u00e7a as principais ferramentas para montar o seu kit de ferramentas e evitar perrengues<\/h3>\n\n\n\n<p><\/p>\n\n\n\n<p>Quem nunca passou por situa\u00e7\u00f5es de ter que consertar algo na urg\u00eancia? Precisou apertar um <strong>parafuso<\/strong> e acabou usando uma faca, ou precisava pregar um<strong> prego<\/strong> e acabou usando qualquer coisa para martelar menos um <strong>martelo<\/strong>! <\/p>\n\n\n\n<p>Por essas e muitas outras situa\u00e7\u00f5es  que ter um <strong>kit de ferramentas <\/strong>\u00e9 essencial. <\/p>\n\n\n\n<h2 class=\"wp-block-heading\">Veja agora como montar o seu kit de ferramentas<\/h2>\n\n\n\n<p class=\"justify\">Ter um <strong>kit de ferramentas<\/strong> vai tornar sua vida mais f\u00e1cil, seja para <strong>conserto, manuten\u00e7\u00e3o, instala\u00e7\u00e3o<\/strong>, se aventurar aos fins de semanas com um projeto de <strong>fa\u00e7a voc\u00ea mesmo<\/strong> ou para o uso <strong>profissional<\/strong>.<\/p>\n\n\n\n<p><strong>Mas, voc\u00ea sabe quais ferramentas s\u00e3o indispens\u00e1veis para montar o seu kit de ferramentas?<\/strong><\/p>\n\n\n\n<p class=\"justify\">O <a href=\"http:\/\/obrashow.com.br\" target=\"_blank\" rel=\"noreferrer noopener\"><strong>Obra Show<\/strong><\/a> separou uma lista das principais e mais essenciais ferramentas que devem estar \u00e0 disposi\u00e7\u00e3o para evitar qualquer tipo de preocupa\u00e7\u00e3o na hora do <strong>conserto, manuten\u00e7\u00e3o ou instala\u00e7\u00e3o<\/strong>.<\/p>\n\n\n\n<div class=\"wp-block-columns are-vertically-aligned-center is-layout-flex wp-container-core-columns-is-layout-9d6595d7 wp-block-columns-is-layout-flex\">\n<div class=\"wp-block-column is-vertically-aligned-center is-layout-flow wp-block-column-is-layout-flow\" style=\"flex-basis:350px\">\n<div class=\"wp-block-group\"><div class=\"wp-block-group__inner-container is-layout-flow wp-block-group-is-layout-flow\">\n<h2 class=\"wp-block-heading\"><strong>Martelo<\/strong><\/h2>\n\n\n<div class=\"wp-block-image\">\n<figure class=\"aligncenter size-full is-resized\"><img loading=\"lazy\" decoding=\"async\" src=\"https:\/\/blog.obrashow.com.br\/wp-content\/uploads\/2021\/10\/martelo-obrashow.jpg\" alt=\"martelo simples\" class=\"wp-image-1265\" width=\"274\" height=\"274\" srcset=\"https:\/\/blog.obrashow.com.br\/wp-content\/uploads\/2021\/10\/martelo-obrashow.jpg 600w, https:\/\/blog.obrashow.com.br\/wp-content\/uploads\/2021\/10\/martelo-obrashow-300x300.jpg 300w, https:\/\/blog.obrashow.com.br\/wp-content\/uploads\/2021\/10\/martelo-obrashow-150x150.jpg 150w\" sizes=\"auto, (max-width: 274px) 100vw, 274px\" \/><\/figure>\n<\/div><\/div><\/div>\n<\/div>\n\n\n\n<div class=\"wp-block-column is-vertically-aligned-center is-layout-flow wp-block-column-is-layout-flow\">\n<p> O <strong>martelo<\/strong> \u00e9 uma das <strong>ferramentas<\/strong> obrigat\u00f3rias na hora de montar qualquer <strong>kit de ferramentas<\/strong>, ele pode ser utilizado para montar m\u00f3veis, pendurar coisas, remover pregos, aplicar rebites, materiais met\u00e1licos, e muitas outras in\u00fameras possibilidades. <\/p>\n<\/div>\n<\/div>\n\n\n\n<h2 class=\"wp-block-heading\"><strong>Alicate<\/strong><\/h2>\n\n\n\n<div class=\"wp-block-columns is-layout-flex wp-container-core-columns-is-layout-9d6595d7 wp-block-columns-is-layout-flex\">\n<div class=\"wp-block-column is-vertically-aligned-center is-layout-flow wp-block-column-is-layout-flow\" style=\"flex-basis:66.66%\">\n<p>J\u00e1 o <strong><a href=\"https:\/\/www.obrashow.com.br\/produto\/alicate-bico-meia-cana-reto-5-polegadas-st70612ast-sata\/26-474\" target=\"_blank\" rel=\"noreferrer noopener\">alicate<\/a><\/strong> \u00e9 uma ferramenta extremamente multifuncional. Com ele voc\u00ea pode apertar porcas, dobrar metais, desencapar fios e isolar materiais durante instala\u00e7\u00f5es el\u00e9tricas.<\/p>\n<\/div>\n\n\n\n<div class=\"wp-block-column is-layout-flow wp-block-column-is-layout-flow\" style=\"flex-basis:33.33%\"><div class=\"wp-block-image\">\n<figure class=\"aligncenter size-full is-resized\"><img loading=\"lazy\" decoding=\"async\" src=\"https:\/\/blog.obrashow.com.br\/wp-content\/uploads\/2021\/10\/alicate-obrashow.jpg\" alt=\"alicate para kit de ferramentas\" class=\"wp-image-1268\" width=\"191\" height=\"191\" title=\"alicate-obra-show\" srcset=\"https:\/\/blog.obrashow.com.br\/wp-content\/uploads\/2021\/10\/alicate-obrashow.jpg 600w, https:\/\/blog.obrashow.com.br\/wp-content\/uploads\/2021\/10\/alicate-obrashow-300x300.jpg 300w, https:\/\/blog.obrashow.com.br\/wp-content\/uploads\/2021\/10\/alicate-obrashow-150x150.jpg 150w\" sizes=\"auto, (max-width: 191px) 100vw, 191px\" \/><\/figure>\n<\/div>\n\n\n<p><\/p>\n<\/div>\n<\/div>\n\n\n\n<h2 class=\"wp-block-heading\">Chave de fenda<\/h2>\n\n\n\n<div class=\"wp-block-columns is-layout-flex wp-container-core-columns-is-layout-9d6595d7 wp-block-columns-is-layout-flex\">\n<div class=\"wp-block-column is-layout-flow wp-block-column-is-layout-flow\" style=\"flex-basis:33.33%\">\n<figure class=\"wp-block-image size-full is-resized\"><img loading=\"lazy\" decoding=\"async\" src=\"https:\/\/blog.obrashow.com.br\/wp-content\/uploads\/2022\/09\/chave-de-fenda-obrashow.jpg\" alt=\"\" class=\"wp-image-1285\" width=\"211\" height=\"167\" title=\"chave-de-fenda-obra-show\"\/><\/figure>\n<\/div>\n\n\n\n<div class=\"wp-block-column is-vertically-aligned-center is-layout-flow wp-block-column-is-layout-flow\" style=\"flex-basis:66.66%\">\n<p>A <strong><a href=\"https:\/\/www.obrashow.com.br\/produto\/chave-de-fenda-3mm-x-125mm-cromo-vanadio-ponta-magnetizada-dt1253cfa\/138-8882\" target=\"_blank\" rel=\"noreferrer noopener\">chave de fenda<\/a><\/strong> \u00e9 uma das ferramentas mais b\u00e1sicas para se ter, principalmente ao montar um m\u00f3vel, apertar ou afrouxar parafusos. <\/p>\n\n\n\n<p class=\"justify\">O ideal \u00e9 ter um <strong>kit de chaves de fendas<\/strong> j\u00e1 que voc\u00ea encontra em diversos modelos, mas se voc\u00ea quer um baixo investimento pelo menos uma chave de fenda m\u00e9dia j\u00e1 quebra um galho.<\/p>\n<\/div>\n<\/div>\n\n\n\n<h2 class=\"wp-block-heading\">Chave Philips<\/h2>\n\n\n\n<div class=\"wp-block-columns is-layout-flex wp-container-core-columns-is-layout-9d6595d7 wp-block-columns-is-layout-flex\">\n<div class=\"wp-block-column is-vertically-aligned-center is-layout-flow wp-block-column-is-layout-flow\" style=\"flex-basis:66.66%\">\n<p>As <strong><a href=\"https:\/\/www.obrashow.com.br\/produto\/jogo-de-chaves-de-fenda-philips-com-6-brasfort\/138-9758\" target=\"_blank\" rel=\"noreferrer noopener\">chaves Philips<\/a> <\/strong>s\u00e3o similares \u00e0s<strong> chaves de fendas<\/strong>, elas tamb\u00e9m apertam ou afrouxam parafusos, mas para parafusos com fendas em formato de \u201cX\u201d. <\/p>\n\n\n\n<p>Com diversos modelos, o ideal da <strong>chave Philips<\/strong> \u00e9 tamb\u00e9m possuir um kit, mas para um baixo investimento uma m\u00e9dia e uma menor j\u00e1 garantem sucesso.<\/p>\n<\/div>\n\n\n\n<div class=\"wp-block-column is-layout-flow wp-block-column-is-layout-flow\" style=\"flex-basis:33.33%\">\n<figure class=\"wp-block-image size-full is-resized is-style-default\"><img loading=\"lazy\" decoding=\"async\" src=\"https:\/\/blog.obrashow.com.br\/wp-content\/uploads\/2022\/09\/chave-de-fenda-philips-obrashow.jpg\" alt=\"\" class=\"wp-image-1287\" width=\"194\" height=\"194\" title=\"chave-philips-obra-show\" srcset=\"https:\/\/blog.obrashow.com.br\/wp-content\/uploads\/2022\/09\/chave-de-fenda-philips-obrashow.jpg 600w, https:\/\/blog.obrashow.com.br\/wp-content\/uploads\/2022\/09\/chave-de-fenda-philips-obrashow-300x300.jpg 300w, https:\/\/blog.obrashow.com.br\/wp-content\/uploads\/2022\/09\/chave-de-fenda-philips-obrashow-150x150.jpg 150w\" sizes=\"auto, (max-width: 194px) 100vw, 194px\" \/><\/figure>\n<\/div>\n<\/div>\n\n\n\n<h2 class=\"wp-block-heading\">Chave Combinada<\/h2>\n\n\n\n<div class=\"wp-block-columns is-layout-flex wp-container-core-columns-is-layout-9d6595d7 wp-block-columns-is-layout-flex\">\n<div class=\"wp-block-column is-layout-flow wp-block-column-is-layout-flow\" style=\"flex-basis:33.33%\">\n<figure class=\"wp-block-image size-full is-resized\"><img loading=\"lazy\" decoding=\"async\" src=\"https:\/\/blog.obrashow.com.br\/wp-content\/uploads\/2022\/09\/chave-combinada-obrashow.jpg\" alt=\"\" class=\"wp-image-1290\" width=\"231\" height=\"231\" title=\"chave-combinada-obra-show\" srcset=\"https:\/\/blog.obrashow.com.br\/wp-content\/uploads\/2022\/09\/chave-combinada-obrashow.jpg 600w, https:\/\/blog.obrashow.com.br\/wp-content\/uploads\/2022\/09\/chave-combinada-obrashow-300x300.jpg 300w, https:\/\/blog.obrashow.com.br\/wp-content\/uploads\/2022\/09\/chave-combinada-obrashow-150x150.jpg 150w\" sizes=\"auto, (max-width: 231px) 100vw, 231px\" \/><\/figure>\n<\/div>\n\n\n\n<div class=\"wp-block-column is-vertically-aligned-center is-layout-flow wp-block-column-is-layout-flow\" style=\"flex-basis:66.66%\">\n<p>A <strong><a href=\"https:\/\/www.obrashow.com.br\/produto\/chave-combinada-11-16-gedore-red-3301033\/26-1917\" target=\"_blank\" rel=\"noreferrer noopener\">chave combinada<\/a><\/strong> pode ser utilizada principalmente para apertar porcas e at\u00e9 para algumas pe\u00e7as de encanamento, al\u00e9m de ser muito \u00fatil para manuten\u00e7\u00e3o de carro, bicicleta, entre outros. <\/p>\n<\/div>\n<\/div>\n\n\n\n<h2 class=\"wp-block-heading\">Chave Inglesa<\/h2>\n\n\n\n<div class=\"wp-block-columns is-layout-flex wp-container-core-columns-is-layout-9d6595d7 wp-block-columns-is-layout-flex\">\n<div class=\"wp-block-column is-vertically-aligned-center is-layout-flow wp-block-column-is-layout-flow\" style=\"flex-basis:66.66%\">\n<p>A <strong><a href=\"https:\/\/www.obrashow.com.br\/produto\/chave-inglesa-08-polegadas-belfix-aco-forjado\/92-3521\" target=\"_blank\" rel=\"noreferrer noopener\">chave inglesa<\/a> <\/strong>por ter uma abertura regul\u00e1vel \u00e9 muito vers\u00e1til se adequando em v\u00e1rias situa\u00e7\u00f5es principalmente em instala\u00e7\u00f5es hidr\u00e1ulicas.<\/p>\n<\/div>\n\n\n\n<div class=\"wp-block-column is-layout-flow wp-block-column-is-layout-flow\" style=\"flex-basis:33.33%\"><div class=\"wp-block-image\">\n<figure class=\"aligncenter size-full is-resized\"><img loading=\"lazy\" decoding=\"async\" src=\"https:\/\/blog.obrashow.com.br\/wp-content\/uploads\/2022\/09\/chave-inglesa-obrashow.jpg\" alt=\"\" class=\"wp-image-1293\" width=\"107\" height=\"214\" title=\"chave-inglesa-obra-show\"\/><\/figure>\n<\/div>\n\n\n<p><\/p>\n<\/div>\n<\/div>\n\n\n\n<h2 class=\"wp-block-heading\">Chave de teste<\/h2>\n\n\n\n<div class=\"wp-block-columns is-layout-flex wp-container-core-columns-is-layout-9d6595d7 wp-block-columns-is-layout-flex\">\n<div class=\"wp-block-column is-layout-flow wp-block-column-is-layout-flow\" style=\"flex-basis:33.33%\">\n<figure class=\"wp-block-image size-full is-resized\"><img loading=\"lazy\" decoding=\"async\" src=\"https:\/\/blog.obrashow.com.br\/wp-content\/uploads\/2022\/09\/chave-de-teste-obrashow.jpg\" alt=\"\" class=\"wp-image-1296\" width=\"171\" height=\"171\" title=\"chave-teste-obra=show\" srcset=\"https:\/\/blog.obrashow.com.br\/wp-content\/uploads\/2022\/09\/chave-de-teste-obrashow.jpg 600w, https:\/\/blog.obrashow.com.br\/wp-content\/uploads\/2022\/09\/chave-de-teste-obrashow-300x300.jpg 300w, https:\/\/blog.obrashow.com.br\/wp-content\/uploads\/2022\/09\/chave-de-teste-obrashow-150x150.jpg 150w\" sizes=\"auto, (max-width: 171px) 100vw, 171px\" \/><\/figure>\n<\/div>\n\n\n\n<div class=\"wp-block-column is-vertically-aligned-center is-layout-flow wp-block-column-is-layout-flow\" style=\"flex-basis:66.66%\">\n<p class=\"justify\">Falou de <strong>eletricidade<\/strong> a <strong><a href=\"https:\/\/www.obrashow.com.br\/produto\/chave-teste-130mm-de-100v-a-500v-1304055-sparta\/329-769\" target=\"_blank\" rel=\"noreferrer noopener\">chave de teste<\/a><\/strong> \u00e9 indispens\u00e1vel, pois \u00e9 com ela que voc\u00ea verifica se h\u00e1 <strong>corrente el\u00e9trica<\/strong> passando por fios e tomadas.<\/p>\n\n\n\n<p class=\"justify\"> Ao tocar o metal da chave de teste no fio e acender a l\u00e2mpada embutida na chave, cuidado, isso \u00e9 um sinal que a corrente el\u00e9trica est\u00e1 ligada e voc\u00ea est\u00e1 correndo o risco de levar choque.<\/p>\n<\/div>\n<\/div>\n\n\n\n<h2 class=\"wp-block-heading\">N\u00edvel<\/h2>\n\n\n\n<div class=\"wp-block-columns is-layout-flex wp-container-core-columns-is-layout-9d6595d7 wp-block-columns-is-layout-flex\">\n<div class=\"wp-block-column is-vertically-aligned-center is-layout-flow wp-block-column-is-layout-flow\" style=\"flex-basis:66.66%\">\n<p>Ver um m\u00f3vel ou um quadro torto n\u00e3o \u00e9 nada agrad\u00e1vel, para isso a ferramenta, <a href=\"https:\/\/www.obrashow.com.br\/produto\/nivel-aluminio-padrao-03-bolhas-16-polegadas-400mm-decorlux\/329-1322\" target=\"_blank\" rel=\"noreferrer noopener\"><strong>n\u00edvel<\/strong> <\/a>\u00e9 indispens\u00e1vel.<\/p>\n\n\n\n<p class=\"justify\"> Com ele \u00e9 poss\u00edvel nivelar persianas, estantes, m\u00f3veis e o mais importante nossos queridos quadros, garantindo que tudo fique corretamente posicionado.<\/p>\n<\/div>\n\n\n\n<div class=\"wp-block-column is-layout-flow wp-block-column-is-layout-flow\" style=\"flex-basis:33.33%\">\n<figure class=\"wp-block-image size-full is-resized\"><img loading=\"lazy\" decoding=\"async\" src=\"https:\/\/blog.obrashow.com.br\/wp-content\/uploads\/2022\/09\/nivel-aluminio-padrao-obrashow.jpg\" alt=\"\" class=\"wp-image-1299\" width=\"222\" height=\"222\" title=\"nivel-obra-show\" srcset=\"https:\/\/blog.obrashow.com.br\/wp-content\/uploads\/2022\/09\/nivel-aluminio-padrao-obrashow.jpg 600w, https:\/\/blog.obrashow.com.br\/wp-content\/uploads\/2022\/09\/nivel-aluminio-padrao-obrashow-300x300.jpg 300w, https:\/\/blog.obrashow.com.br\/wp-content\/uploads\/2022\/09\/nivel-aluminio-padrao-obrashow-150x150.jpg 150w\" sizes=\"auto, (max-width: 222px) 100vw, 222px\" \/><\/figure>\n<\/div>\n<\/div>\n\n\n\n<h2 class=\"wp-block-heading\">Trena<\/h2>\n\n\n\n<div class=\"wp-block-columns is-layout-flex wp-container-core-columns-is-layout-9d6595d7 wp-block-columns-is-layout-flex\">\n<div class=\"wp-block-column is-layout-flow wp-block-column-is-layout-flow\" style=\"flex-basis:33.33%\">\n<figure class=\"wp-block-image size-full is-resized\"><img loading=\"lazy\" decoding=\"async\" src=\"https:\/\/blog.obrashow.com.br\/wp-content\/uploads\/2022\/09\/trena-obrashow.jpg\" alt=\"\" class=\"wp-image-1302\" width=\"208\" height=\"208\" title=\"trena-obra-show\" srcset=\"https:\/\/blog.obrashow.com.br\/wp-content\/uploads\/2022\/09\/trena-obrashow.jpg 600w, https:\/\/blog.obrashow.com.br\/wp-content\/uploads\/2022\/09\/trena-obrashow-300x300.jpg 300w, https:\/\/blog.obrashow.com.br\/wp-content\/uploads\/2022\/09\/trena-obrashow-150x150.jpg 150w\" sizes=\"auto, (max-width: 208px) 100vw, 208px\" \/><\/figure>\n<\/div>\n\n\n\n<div class=\"wp-block-column is-vertically-aligned-center is-layout-flow wp-block-column-is-layout-flow\" style=\"flex-basis:66.66%\">\n<p>Imagine voc\u00ea comprar aquele m\u00f3vel que voc\u00ea tanto queria e acabar n\u00e3o encaixando no espa\u00e7o que voc\u00ea pensou em deixar ele. Para evitar esse tipo de complica\u00e7\u00e3o a <strong><a href=\"https:\/\/www.obrashow.com.br\/produto\/trena-5-metros-x-19mm\/10-1935\" target=\"_blank\" rel=\"noreferrer noopener\">trena<\/a><\/strong> \u00e9 fundamental para tirar as medidas corretas. <\/p>\n\n\n\n<p class=\"justify\">Pode ser encontrado em madeira ou metal, o ideal \u00e9 as que possuem travas para n\u00e3o perder a marca\u00e7\u00e3o. Atualmente, existem as<a href=\"https:\/\/www.obrashow.com.br\/produto\/trena-a-laser-digital-manual-com-memoria-40mts-ws8910-wesco\/329-2326\" target=\"_blank\" rel=\"noreferrer noopener\"> <strong>trenas a laser<\/strong><\/a> que s\u00e3o uma excelente op\u00e7\u00e3o. <\/p>\n<\/div>\n<\/div>\n\n\n\n<h2 class=\"wp-block-heading\">Parafusadeira \/ Furadeira<\/h2>\n\n\n\n<div class=\"wp-block-columns is-layout-flex wp-container-core-columns-is-layout-9d6595d7 wp-block-columns-is-layout-flex\">\n<div class=\"wp-block-column is-layout-flow wp-block-column-is-layout-flow\" style=\"flex-basis:66.66%\">\n<p class=\"justify\">A <strong><a href=\"https:\/\/www.obrashow.com.br\/busca\/parafusadeira_furadeira\" target=\"_blank\" rel=\"noreferrer noopener\">parafusadeira e a furadeira<\/a><\/strong> s\u00e3o ferramentas que podem ser encontradas tanto separadas quanto em em um \u00fanico equipamento com as duas funcionalidades.<\/p>\n\n\n\n<p class=\"justify\">A <strong><a href=\"https:\/\/www.obrashow.com.br\/produto\/furadeira-parafusadeira-bosch-12v-gsr1000-smart-19f4-bivolt\/26-1706\" target=\"_blank\" rel=\"noreferrer noopener\">furadeira<\/a> <\/strong>\u00e9 muito pr\u00e1tica para furar a parede e para pendurar objetos, como: prateleiras, quadros, entre outros, al\u00e9m de realizar manuten\u00e7\u00f5es ou instala\u00e7\u00f5es.<\/p>\n\n\n\n<p class=\"justify\">J\u00e1 a <strong><a href=\"https:\/\/www.obrashow.com.br\/produto\/parafusadeira-td110dz-impacto-12v-sem-bateria-e-carregador-cxt-makita\/26-103\" target=\"_blank\" rel=\"noreferrer noopener\">parafusadeira<\/a><\/strong> garante agilidade e precis\u00e3o na hora de parafusar e desparafusar. Com diversos modelos e calibres voc\u00ea pode encontrar facilmente a que se encaixe ao seu perfil, seja para pequenas aventuras e consertos, quanto para uso profissional.<\/p>\n<\/div>\n\n\n\n<div class=\"wp-block-column is-layout-flow wp-block-column-is-layout-flow\" style=\"flex-basis:33.33%\"><div class=\"wp-block-image\">\n<figure class=\"aligncenter size-full\"><img loading=\"lazy\" decoding=\"async\" width=\"600\" height=\"600\" src=\"https:\/\/blog.obrashow.com.br\/wp-content\/uploads\/2022\/09\/parafusadeira-furadeira-obrashow.jpg\" alt=\"\" class=\"wp-image-1303\" title=\"furadeira-parafusadeira-obra-show\" srcset=\"https:\/\/blog.obrashow.com.br\/wp-content\/uploads\/2022\/09\/parafusadeira-furadeira-obrashow.jpg 600w, https:\/\/blog.obrashow.com.br\/wp-content\/uploads\/2022\/09\/parafusadeira-furadeira-obrashow-300x300.jpg 300w, https:\/\/blog.obrashow.com.br\/wp-content\/uploads\/2022\/09\/parafusadeira-furadeira-obrashow-150x150.jpg 150w\" sizes=\"auto, (max-width: 600px) 100vw, 600px\" \/><\/figure>\n<\/div><\/div>\n<\/div>\n\n\n\n<p>Al\u00e9m das <strong>principais ferramentas<\/strong> que voc\u00ea precisa para montar o seu <strong><a href=\"https:\/\/www.obrashow.com.br\/produto\/kit-de-ferramentas-11-pecas-com-martelo-trena-alicate-estilete-e-chaves\/138-5543\" target=\"_blank\" rel=\"noreferrer noopener\">kit de ferramentas<\/a><\/strong>, separamos mais tr\u00eas dicas para o seu dia a dia.<\/p>\n\n\n\n<h4 class=\"wp-block-heading\">Dicas para facilitar o dia a dia <\/h4>\n\n\n\n<ol class=\"wp-block-list\" type=\"1\"><li>Mantenha pregos e parafusos separados por tamanho e em organizadores, serve at\u00e9 aquela vasilha de maionese ou margarina, assim ser\u00e1 f\u00e1cil encontrar quando precisar de um.<\/li><li>A grana esta curta para montar o seu kit de ferramentas? Opte por pe\u00e7as universais ou que s\u00e3o utilizadas com mais frequ\u00eancia como martelo, chave de fenda e alicate.<\/li><li>Tenha tudo em m\u00e3os, colocar todas as ferramentas dentro de uma maleta ou bolsa facilita na hora de fazer um conserto, manuten\u00e7\u00e3o ou instala\u00e7\u00e3o.<\/li><\/ol>\n\n\n<div class=\"wp-block-image\">\n<figure class=\"aligncenter size-full\"><img loading=\"lazy\" decoding=\"async\" width=\"600\" height=\"600\" src=\"https:\/\/blog.obrashow.com.br\/wp-content\/uploads\/2022\/09\/kit-ferramentas-obrashow.jpg\" alt=\"\" class=\"wp-image-1306\" srcset=\"https:\/\/blog.obrashow.com.br\/wp-content\/uploads\/2022\/09\/kit-ferramentas-obrashow.jpg 600w, https:\/\/blog.obrashow.com.br\/wp-content\/uploads\/2022\/09\/kit-ferramentas-obrashow-300x300.jpg 300w, https:\/\/blog.obrashow.com.br\/wp-content\/uploads\/2022\/09\/kit-ferramentas-obrashow-150x150.jpg 150w\" sizes=\"auto, (max-width: 600px) 100vw, 600px\" \/><\/figure>\n<\/div>\n\n\n<p>Que tal montar agora o seu <strong>kit de ferramentas<\/strong>? No <strong><a href=\"http:\/\/obrashow.com.br\" target=\"_blank\" rel=\"noreferrer noopener\">Obra Show<\/a><\/strong> voc\u00ea encontra ferramentas el\u00e9tricas, a bateria e as manuais, desde as recomendadas para seu <strong>kit b\u00e1sico at\u00e9 as ferramentas <\/strong>de uso profissional, clique no bot\u00e3o abaixo e confira!<\/p>\n\n\n\n<div class=\"wp-block-buttons is-horizontal is-content-justification-center is-layout-flex wp-container-core-buttons-is-layout-499968f5 wp-block-buttons-is-layout-flex\">\n<div class=\"wp-block-button has-custom-width wp-block-button__width-50 is-style-outline is-style-outline--1\"><a class=\"wp-block-button__link has-white-background-color has-text-color has-background\" href=\"https:\/\/www.obrashow.com.br\/inicio\" style=\"color:#0060a9\" target=\"_blank\" rel=\"noreferrer noopener\">Conhe\u00e7a o OBRA SHOW<\/a><\/div>\n<\/div>\n\n\n\n<p><\/p>\n\n\n\n<p><\/p>\n","protected":false},"excerpt":{"rendered":"<p>Precisou apertar um parafuso e acabou usando uma faca, ou precisava pregar um prego e acabou usando qualquer coisa para martelar menos um martelo?! Por essas  situa\u00e7\u00f5es vamos te ensinar a montar seu kit de ferramentas.&hellip; <a class=\"kt-excerpt-readmore more-link\" href=\"https:\/\/blog.obrashow.com.br\/index.php\/2022\/09\/20\/como-montar-o-seu-kit-de-ferramentas\/\">Read More<\/a><\/p>\n","protected":false},"author":2,"featured_media":1260,"comment_status":"open","ping_status":"open","sticky":false,"template":"","format":"standard","meta":{"footnotes":""},"categories":[8,9],"tags":[],"class_list":["post-929","post","type-post","status-publish","format-standard","has-post-thumbnail","hentry","category-faca-voce-mesmo","category-produtos-e-acessorios"],"yoast_head":"<!-- This site is optimized with the Yoast SEO plugin v19.14 - https:\/\/yoast.com\/wordpress\/plugins\/seo\/ -->\n<title>Veja como montar o seu kit b\u00e1sico de ferramentas - Blog Obra Show<\/title>\n<meta name=\"description\" content=\"Entenda como montar o seu pr\u00f3prio kit de ferramentas e n\u00e3o passar sufoco na hora de consertar algum ambiente da sua casa.\" \/>\n<meta name=\"robots\" content=\"index, follow, max-snippet:-1, max-image-preview:large, max-video-preview:-1\" \/>\n<link rel=\"canonical\" href=\"https:\/\/blog.obrashow.com.br\/index.php\/2022\/09\/20\/como-montar-o-seu-kit-de-ferramentas\/\" \/>\n<meta property=\"og:locale\" content=\"pt_BR\" \/>\n<meta property=\"og:type\" content=\"article\" \/>\n<meta property=\"og:title\" content=\"Veja como montar o seu kit b\u00e1sico de ferramentas - Blog Obra Show\" \/>\n<meta property=\"og:description\" content=\"Entenda como montar o seu pr\u00f3prio kit de ferramentas e n\u00e3o passar sufoco na hora de consertar algum ambiente da sua casa.\" \/>\n<meta property=\"og:url\" content=\"https:\/\/blog.obrashow.com.br\/index.php\/2022\/09\/20\/como-montar-o-seu-kit-de-ferramentas\/\" \/>\n<meta property=\"og:site_name\" content=\"Blog Obra Show\" \/>\n<meta property=\"article:publisher\" content=\"https:\/\/www.facebook.com\/appobrashow\" \/>\n<meta property=\"article:published_time\" content=\"2022-09-20T17:15:00+00:00\" \/>\n<meta property=\"article:modified_time\" content=\"2022-09-21T20:11:18+00:00\" \/>\n<meta property=\"og:image\" content=\"https:\/\/blog.obrashow.com.br\/wp-content\/uploads\/2021\/10\/saiba-quais-sao-as-ferramentas-para-casa-que-voce-deve-ter-obrashow.jpg\" \/>\n\t<meta property=\"og:image:width\" content=\"2000\" \/>\n\t<meta property=\"og:image:height\" content=\"1333\" \/>\n\t<meta property=\"og:image:type\" content=\"image\/jpeg\" \/>\n<meta name=\"author\" content=\"Laurie Proncate\" \/>\n<meta name=\"twitter:card\" content=\"summary_large_image\" \/>\n<meta name=\"twitter:label1\" content=\"Escrito por\" \/>\n\t<meta name=\"twitter:data1\" content=\"Laurie Proncate\" \/>\n\t<meta name=\"twitter:label2\" content=\"Est. tempo de leitura\" \/>\n\t<meta name=\"twitter:data2\" content=\"7 minutos\" \/>\n<script type=\"application\/ld+json\" class=\"yoast-schema-graph\">{\"@context\":\"https:\/\/schema.org\",\"@graph\":[{\"@type\":\"Article\",\"@id\":\"https:\/\/blog.obrashow.com.br\/index.php\/2022\/09\/20\/como-montar-o-seu-kit-de-ferramentas\/#article\",\"isPartOf\":{\"@id\":\"https:\/\/blog.obrashow.com.br\/index.php\/2022\/09\/20\/como-montar-o-seu-kit-de-ferramentas\/\"},\"author\":{\"name\":\"Laurie Proncate\",\"@id\":\"https:\/\/blog.obrashow.com.br\/#\/schema\/person\/a0d97f26839af36d4707b6eb7af86d39\"},\"headline\":\"Veja como montar o seu kit b\u00e1sico de ferramentas\",\"datePublished\":\"2022-09-20T17:15:00+00:00\",\"dateModified\":\"2022-09-21T20:11:18+00:00\",\"mainEntityOfPage\":{\"@id\":\"https:\/\/blog.obrashow.com.br\/index.php\/2022\/09\/20\/como-montar-o-seu-kit-de-ferramentas\/\"},\"wordCount\":859,\"commentCount\":1,\"publisher\":{\"@id\":\"https:\/\/blog.obrashow.com.br\/#organization\"},\"articleSection\":[\"Fa\u00e7a voc\u00ea mesmo\",\"Produtos e Acess\u00f3rios\"],\"inLanguage\":\"pt-BR\",\"potentialAction\":[{\"@type\":\"CommentAction\",\"name\":\"Comment\",\"target\":[\"https:\/\/blog.obrashow.com.br\/index.php\/2022\/09\/20\/como-montar-o-seu-kit-de-ferramentas\/#respond\"]}]},{\"@type\":\"WebPage\",\"@id\":\"https:\/\/blog.obrashow.com.br\/index.php\/2022\/09\/20\/como-montar-o-seu-kit-de-ferramentas\/\",\"url\":\"https:\/\/blog.obrashow.com.br\/index.php\/2022\/09\/20\/como-montar-o-seu-kit-de-ferramentas\/\",\"name\":\"Veja como montar o seu kit b\u00e1sico de ferramentas - Blog Obra Show\",\"isPartOf\":{\"@id\":\"https:\/\/blog.obrashow.com.br\/#website\"},\"datePublished\":\"2022-09-20T17:15:00+00:00\",\"dateModified\":\"2022-09-21T20:11:18+00:00\",\"description\":\"Entenda como montar o seu pr\u00f3prio kit de ferramentas e n\u00e3o passar sufoco na hora de consertar algum ambiente da sua casa.\",\"breadcrumb\":{\"@id\":\"https:\/\/blog.obrashow.com.br\/index.php\/2022\/09\/20\/como-montar-o-seu-kit-de-ferramentas\/#breadcrumb\"},\"inLanguage\":\"pt-BR\",\"potentialAction\":[{\"@type\":\"ReadAction\",\"target\":[\"https:\/\/blog.obrashow.com.br\/index.php\/2022\/09\/20\/como-montar-o-seu-kit-de-ferramentas\/\"]}]},{\"@type\":\"BreadcrumbList\",\"@id\":\"https:\/\/blog.obrashow.com.br\/index.php\/2022\/09\/20\/como-montar-o-seu-kit-de-ferramentas\/#breadcrumb\",\"itemListElement\":[{\"@type\":\"ListItem\",\"position\":1,\"name\":\"In\u00edcio\",\"item\":\"https:\/\/blog.obrashow.com.br\/\"},{\"@type\":\"ListItem\",\"position\":2,\"name\":\"Veja como montar o seu kit b\u00e1sico de ferramentas\"}]},{\"@type\":\"WebSite\",\"@id\":\"https:\/\/blog.obrashow.com.br\/#website\",\"url\":\"https:\/\/blog.obrashow.com.br\/\",\"name\":\"Blog Obra Show\",\"description\":\"\",\"publisher\":{\"@id\":\"https:\/\/blog.obrashow.com.br\/#organization\"},\"potentialAction\":[{\"@type\":\"SearchAction\",\"target\":{\"@type\":\"EntryPoint\",\"urlTemplate\":\"https:\/\/blog.obrashow.com.br\/?s={search_term_string}\"},\"query-input\":\"required name=search_term_string\"}],\"inLanguage\":\"pt-BR\"},{\"@type\":\"Organization\",\"@id\":\"https:\/\/blog.obrashow.com.br\/#organization\",\"name\":\"Obra Show\",\"url\":\"https:\/\/blog.obrashow.com.br\/\",\"logo\":{\"@type\":\"ImageObject\",\"inLanguage\":\"pt-BR\",\"@id\":\"https:\/\/blog.obrashow.com.br\/#\/schema\/logo\/image\/\",\"url\":\"https:\/\/blog.obrashow.com.br\/wp-content\/uploads\/2022\/06\/logo.png\",\"contentUrl\":\"https:\/\/blog.obrashow.com.br\/wp-content\/uploads\/2022\/06\/logo.png\",\"width\":151,\"height\":54,\"caption\":\"Obra Show\"},\"image\":{\"@id\":\"https:\/\/blog.obrashow.com.br\/#\/schema\/logo\/image\/\"},\"sameAs\":[\"https:\/\/www.linkedin.com\/company\/obra-show-delivery-da-construo\/\",\"https:\/\/www.youtube.com\/channel\/UC1tBCnnHbp4jtMplojYCDCA\",\"https:\/\/www.facebook.com\/appobrashow\"]},{\"@type\":\"Person\",\"@id\":\"https:\/\/blog.obrashow.com.br\/#\/schema\/person\/a0d97f26839af36d4707b6eb7af86d39\",\"name\":\"Laurie Proncate\",\"image\":{\"@type\":\"ImageObject\",\"inLanguage\":\"pt-BR\",\"@id\":\"https:\/\/blog.obrashow.com.br\/#\/schema\/person\/image\/\",\"url\":\"https:\/\/secure.gravatar.com\/avatar\/817269d9ffe409c21993203e71695ee2f7c29936424bc1d904cd7466d783a69c?s=96&d=mm&r=g\",\"contentUrl\":\"https:\/\/secure.gravatar.com\/avatar\/817269d9ffe409c21993203e71695ee2f7c29936424bc1d904cd7466d783a69c?s=96&d=mm&r=g\",\"caption\":\"Laurie Proncate\"},\"url\":\"https:\/\/blog.obrashow.com.br\/index.php\/author\/laurie-proncate\/\"}]}<\/script>\n<!-- \/ Yoast SEO plugin. -->","yoast_head_json":{"title":"Veja como montar o seu kit b\u00e1sico de ferramentas - Blog Obra Show","description":"Entenda como montar o seu pr\u00f3prio kit de ferramentas e n\u00e3o passar sufoco na hora de consertar algum ambiente da sua casa.","robots":{"index":"index","follow":"follow","max-snippet":"max-snippet:-1","max-image-preview":"max-image-preview:large","max-video-preview":"max-video-preview:-1"},"canonical":"https:\/\/blog.obrashow.com.br\/index.php\/2022\/09\/20\/como-montar-o-seu-kit-de-ferramentas\/","og_locale":"pt_BR","og_type":"article","og_title":"Veja como montar o seu kit b\u00e1sico de ferramentas - Blog Obra Show","og_description":"Entenda como montar o seu pr\u00f3prio kit de ferramentas e n\u00e3o passar sufoco na hora de consertar algum ambiente da sua casa.","og_url":"https:\/\/blog.obrashow.com.br\/index.php\/2022\/09\/20\/como-montar-o-seu-kit-de-ferramentas\/","og_site_name":"Blog Obra Show","article_publisher":"https:\/\/www.facebook.com\/appobrashow","article_published_time":"2022-09-20T17:15:00+00:00","article_modified_time":"2022-09-21T20:11:18+00:00","og_image":[{"width":2000,"height":1333,"url":"https:\/\/blog.obrashow.com.br\/wp-content\/uploads\/2021\/10\/saiba-quais-sao-as-ferramentas-para-casa-que-voce-deve-ter-obrashow.jpg","type":"image\/jpeg"}],"author":"Laurie Proncate","twitter_card":"summary_large_image","twitter_misc":{"Escrito por":"Laurie Proncate","Est. tempo de leitura":"7 minutos"},"schema":{"@context":"https:\/\/schema.org","@graph":[{"@type":"Article","@id":"https:\/\/blog.obrashow.com.br\/index.php\/2022\/09\/20\/como-montar-o-seu-kit-de-ferramentas\/#article","isPartOf":{"@id":"https:\/\/blog.obrashow.com.br\/index.php\/2022\/09\/20\/como-montar-o-seu-kit-de-ferramentas\/"},"author":{"name":"Laurie Proncate","@id":"https:\/\/blog.obrashow.com.br\/#\/schema\/person\/a0d97f26839af36d4707b6eb7af86d39"},"headline":"Veja como montar o seu kit b\u00e1sico de ferramentas","datePublished":"2022-09-20T17:15:00+00:00","dateModified":"2022-09-21T20:11:18+00:00","mainEntityOfPage":{"@id":"https:\/\/blog.obrashow.com.br\/index.php\/2022\/09\/20\/como-montar-o-seu-kit-de-ferramentas\/"},"wordCount":859,"commentCount":1,"publisher":{"@id":"https:\/\/blog.obrashow.com.br\/#organization"},"articleSection":["Fa\u00e7a voc\u00ea mesmo","Produtos e Acess\u00f3rios"],"inLanguage":"pt-BR","potentialAction":[{"@type":"CommentAction","name":"Comment","target":["https:\/\/blog.obrashow.com.br\/index.php\/2022\/09\/20\/como-montar-o-seu-kit-de-ferramentas\/#respond"]}]},{"@type":"WebPage","@id":"https:\/\/blog.obrashow.com.br\/index.php\/2022\/09\/20\/como-montar-o-seu-kit-de-ferramentas\/","url":"https:\/\/blog.obrashow.com.br\/index.php\/2022\/09\/20\/como-montar-o-seu-kit-de-ferramentas\/","name":"Veja como montar o seu kit b\u00e1sico de ferramentas - Blog Obra Show","isPartOf":{"@id":"https:\/\/blog.obrashow.com.br\/#website"},"datePublished":"2022-09-20T17:15:00+00:00","dateModified":"2022-09-21T20:11:18+00:00","description":"Entenda como montar o seu pr\u00f3prio kit de ferramentas e n\u00e3o passar sufoco na hora de consertar algum ambiente da sua casa.","breadcrumb":{"@id":"https:\/\/blog.obrashow.com.br\/index.php\/2022\/09\/20\/como-montar-o-seu-kit-de-ferramentas\/#breadcrumb"},"inLanguage":"pt-BR","potentialAction":[{"@type":"ReadAction","target":["https:\/\/blog.obrashow.com.br\/index.php\/2022\/09\/20\/como-montar-o-seu-kit-de-ferramentas\/"]}]},{"@type":"BreadcrumbList","@id":"https:\/\/blog.obrashow.com.br\/index.php\/2022\/09\/20\/como-montar-o-seu-kit-de-ferramentas\/#breadcrumb","itemListElement":[{"@type":"ListItem","position":1,"name":"In\u00edcio","item":"https:\/\/blog.obrashow.com.br\/"},{"@type":"ListItem","position":2,"name":"Veja como montar o seu kit b\u00e1sico de ferramentas"}]},{"@type":"WebSite","@id":"https:\/\/blog.obrashow.com.br\/#website","url":"https:\/\/blog.obrashow.com.br\/","name":"Blog Obra Show","description":"","publisher":{"@id":"https:\/\/blog.obrashow.com.br\/#organization"},"potentialAction":[{"@type":"SearchAction","target":{"@type":"EntryPoint","urlTemplate":"https:\/\/blog.obrashow.com.br\/?s={search_term_string}"},"query-input":"required name=search_term_string"}],"inLanguage":"pt-BR"},{"@type":"Organization","@id":"https:\/\/blog.obrashow.com.br\/#organization","name":"Obra Show","url":"https:\/\/blog.obrashow.com.br\/","logo":{"@type":"ImageObject","inLanguage":"pt-BR","@id":"https:\/\/blog.obrashow.com.br\/#\/schema\/logo\/image\/","url":"https:\/\/blog.obrashow.com.br\/wp-content\/uploads\/2022\/06\/logo.png","contentUrl":"https:\/\/blog.obrashow.com.br\/wp-content\/uploads\/2022\/06\/logo.png","width":151,"height":54,"caption":"Obra Show"},"image":{"@id":"https:\/\/blog.obrashow.com.br\/#\/schema\/logo\/image\/"},"sameAs":["https:\/\/www.linkedin.com\/company\/obra-show-delivery-da-construo\/","https:\/\/www.youtube.com\/channel\/UC1tBCnnHbp4jtMplojYCDCA","https:\/\/www.facebook.com\/appobrashow"]},{"@type":"Person","@id":"https:\/\/blog.obrashow.com.br\/#\/schema\/person\/a0d97f26839af36d4707b6eb7af86d39","name":"Laurie Proncate","image":{"@type":"ImageObject","inLanguage":"pt-BR","@id":"https:\/\/blog.obrashow.com.br\/#\/schema\/person\/image\/","url":"https:\/\/secure.gravatar.com\/avatar\/817269d9ffe409c21993203e71695ee2f7c29936424bc1d904cd7466d783a69c?s=96&d=mm&r=g","contentUrl":"https:\/\/secure.gravatar.com\/avatar\/817269d9ffe409c21993203e71695ee2f7c29936424bc1d904cd7466d783a69c?s=96&d=mm&r=g","caption":"Laurie Proncate"},"url":"https:\/\/blog.obrashow.com.br\/index.php\/author\/laurie-proncate\/"}]}},"_links":{"self":[{"href":"https:\/\/blog.obrashow.com.br\/index.php\/wp-json\/wp\/v2\/posts\/929","targetHints":{"allow":["GET"]}}],"collection":[{"href":"https:\/\/blog.obrashow.com.br\/index.php\/wp-json\/wp\/v2\/posts"}],"about":[{"href":"https:\/\/blog.obrashow.com.br\/index.php\/wp-json\/wp\/v2\/types\/post"}],"author":[{"embeddable":true,"href":"https:\/\/blog.obrashow.com.br\/index.php\/wp-json\/wp\/v2\/users\/2"}],"replies":[{"embeddable":true,"href":"https:\/\/blog.obrashow.com.br\/index.php\/wp-json\/wp\/v2\/comments?post=929"}],"version-history":[{"count":75,"href":"https:\/\/blog.obrashow.com.br\/index.php\/wp-json\/wp\/v2\/posts\/929\/revisions"}],"predecessor-version":[{"id":1352,"href":"https:\/\/blog.obrashow.com.br\/index.php\/wp-json\/wp\/v2\/posts\/929\/revisions\/1352"}],"wp:featuredmedia":[{"embeddable":true,"href":"https:\/\/blog.obrashow.com.br\/index.php\/wp-json\/wp\/v2\/media\/1260"}],"wp:attachment":[{"href":"https:\/\/blog.obrashow.com.br\/index.php\/wp-json\/wp\/v2\/media?parent=929"}],"wp:term":[{"taxonomy":"category","embeddable":true,"href":"https:\/\/blog.obrashow.com.br\/index.php\/wp-json\/wp\/v2\/categories?post=929"},{"taxonomy":"post_tag","embeddable":true,"href":"https:\/\/blog.obrashow.com.br\/index.php\/wp-json\/wp\/v2\/tags?post=929"}],"curies":[{"name":"wp","href":"https:\/\/api.w.org\/{rel}","templated":true}]}}